{"id":592,"date":"2021-09-07T13:29:17","date_gmt":"2021-09-07T13:29:17","guid":{"rendered":"https:\/\/allatmentoliga.com\/?p=592"},"modified":"2021-09-07T13:29:17","modified_gmt":"2021-09-07T13:29:17","slug":"meghivo-szeptember-11-12-en-a-termeszet-csodai-kiallitasra","status":"publish","type":"post","link":"https:\/\/allatmentoliga.com\/index.php\/2021\/09\/07\/meghivo-szeptember-11-12-en-a-termeszet-csodai-kiallitasra\/","title":{"rendered":"Megh\u00edv\u00f3 szeptember 11-12-\u00e9n a Term\u00e9szet Csod\u00e1i ki\u00e1ll\u00edt\u00e1sra"},"content":{"rendered":"<div id=\"fb-root\"><\/div>\n\n<p><script async defer crossorigin=\"anonymous\" src=\"https:\/\/connect.facebook.net\/hu_HU\/sdk.js#xfbml=1&#038;version=v8.0\"><\/script>\r\n         <div class=\"fb-post\" data-href=\"https:\/\/www.facebook.com\/246796508696049\/posts\/6336590696383236\/\" data-width=\"500\"><\/div><\/p>\n\n\n\n<p>A Term\u00e9szet Csod\u00e1i Ki\u00e1ll\u00edt\u00e1son, szeptember 11-12-\u00e9n tal\u00e1lkozhattok vel\u00fcnk. Aj\u00e1nd\u00e9kkal, \u00e1llatsimogat\u00f3val, j\u00e1t\u00e9kkal, meglepet\u00e9ssel k\u00e9sz\u00fclt\u00fcnk most is.Lesz nyerem\u00e9nyj\u00e1t\u00e9k is. Szeretettel v\u00e1runk mindenkit. \u00cdzel\u00edt\u0151 az el\u0151z\u0151 ki\u00e1ll\u00edt\u00e1sb\u00f3l; <a rel=\"noreferrer noopener\" href=\"https:\/\/youtu.be\/4oviD-enqxA?fbclid=IwAR3czOPZicfX-47MIHef3ASWfUxq8dX0A3MNvhDCMxF4PXRclFOts-v-UNM\" target=\"_blank\">https:\/\/youtu.be\/4oviD-enqxA<\/a><\/p>\n\n\n\n<figure class=\"wp-block-image size-large\"><img fetchpriority=\"high\" decoding=\"async\" width=\"480\" height=\"250\" src=\"https:\/\/allatmentoliga.com\/wp-content\/uploads\/2021\/09\/safe_image.jpg\" alt=\"\" class=\"wp-image-593\" srcset=\"https:\/\/allatmentoliga.com\/wp-content\/uploads\/2021\/09\/safe_image.jpg 480w, https:\/\/allatmentoliga.com\/wp-content\/uploads\/2021\/09\/safe_image-300x156.jpg 300w\" sizes=\"(max-width: 480px) 100vw, 480px\" \/><\/figure>\n","protected":false},"excerpt":{"rendered":"<p>A Term\u00e9szet Csod\u00e1i Ki\u00e1ll\u00edt\u00e1son, szeptember 11-12-\u00e9n tal\u00e1lkozhattok vel\u00fcnk. Aj\u00e1nd\u00e9kkal, \u00e1llatsimogat\u00f3val, j\u00e1t\u00e9kkal, meglepet\u00e9ssel k\u00e9sz\u00fclt\u00fcnk most is.Lesz nyerem\u00e9nyj\u00e1t\u00e9k is. Szeretettel v\u00e1runk mindenkit. \u00cdzel\u00edt\u0151 az el\u0151z\u0151 ki\u00e1ll\u00edt\u00e1sb\u00f3l; https:\/\/youtu.be\/4oviD-enqxA<\/p>\n","protected":false},"author":1,"featured_media":593,"comment_status":"open","ping_status":"open","sticky":false,"template":"","format":"standard","meta":{"footnotes":""},"categories":[1],"tags":[],"class_list":["post-592","post","type-post","status-publish","format-standard","has-post-thumbnail","hentry","category-egyeb"],"_links":{"self":[{"href":"https:\/\/allatmentoliga.com\/index.php\/wp-json\/wp\/v2\/posts\/592","targetHints":{"allow":["GET"]}}],"collection":[{"href":"https:\/\/allatmentoliga.com\/index.php\/wp-json\/wp\/v2\/posts"}],"about":[{"href":"https:\/\/allatmentoliga.com\/index.php\/wp-json\/wp\/v2\/types\/post"}],"author":[{"embeddable":true,"href":"https:\/\/allatmentoliga.com\/index.php\/wp-json\/wp\/v2\/users\/1"}],"replies":[{"embeddable":true,"href":"https:\/\/allatmentoliga.com\/index.php\/wp-json\/wp\/v2\/comments?post=592"}],"version-history":[{"count":1,"href":"https:\/\/allatmentoliga.com\/index.php\/wp-json\/wp\/v2\/posts\/592\/revisions"}],"predecessor-version":[{"id":594,"href":"https:\/\/allatmentoliga.com\/index.php\/wp-json\/wp\/v2\/posts\/592\/revisions\/594"}],"wp:featuredmedia":[{"embeddable":true,"href":"https:\/\/allatmentoliga.com\/index.php\/wp-json\/wp\/v2\/media\/593"}],"wp:attachment":[{"href":"https:\/\/allatmentoliga.com\/index.php\/wp-json\/wp\/v2\/media?parent=592"}],"wp:term":[{"taxonomy":"category","embeddable":true,"href":"https:\/\/allatmentoliga.com\/index.php\/wp-json\/wp\/v2\/categories?post=592"},{"taxonomy":"post_tag","embeddable":true,"href":"https:\/\/allatmentoliga.com\/index.php\/wp-json\/wp\/v2\/tags?post=592"}],"curies":[{"name":"wp","href":"https:\/\/api.w.org\/{rel}","templated":true}]}}